{"id":4119,"date":"2025-06-01T10:30:00","date_gmt":"2025-06-01T08:30:00","guid":{"rendered":"https:\/\/vildart.cz\/?p=4119"},"modified":"2025-06-18T14:55:09","modified_gmt":"2025-06-18T12:55:09","slug":"nez-vyrazime-do-sveta-posledni-vystava-v-praze","status":"publish","type":"post","link":"https:\/\/vildart.cz\/en\/nez-vyrazime-do-sveta-posledni-vystava-v-praze\/","title":{"rendered":"Ne\u017e vyraz\u00edme do sv\u011bta \u2013 posledn\u00ed v\u00fdstava v Praze!"},"content":{"rendered":"<p>Mil\u00ed p\u0159\u00e1tel\u00e9 a milovn\u00edci um\u011bn\u00ed,<\/p>\n\n\n\n<p>srde\u010dn\u011b v\u00e1s zveme na&nbsp;<strong>pravd\u011bpodobn\u011b na\u0161i posledn\u00ed v\u00fdstavu v \u010cesku \u2013 alespo\u0148 na n\u011bjakou dobu<\/strong>. D\u016fvod? Na\u0161e dal\u0161\u00ed kroky vedou za hranice \u2013&nbsp;<strong>\u010dek\u00e1 n\u00e1s Madrid, Pa\u0159\u00ed\u017e, New York\u2026<\/strong>&nbsp;a s t\u00edm i spousta p\u0159\u00edle\u017eitost\u00ed a nov\u00fdch v\u00fdzev.<\/p>\n\n\n\n<p>Rozhodli jsme se proto v\u011bnovat na\u0161i energii zahrani\u010dn\u00edm projekt\u016fm, ale z\u00e1rove\u0148 n\u00e1m p\u0159i\u0161lo f\u00e9r&nbsp;<strong>rozlou\u010dit se s v\u00e1mi osobn\u011b a stylov\u011b \u2013 doma<\/strong>.<\/p>\n\n\n\n<figure class=\"wp-block-gallery has-nested-images columns-default is-cropped wp-block-gallery-1 is-layout-flex wp-block-gallery-is-layout-flex\">\n<figure class=\"wp-block-image size-large\"><img fetchpriority=\"high\" decoding=\"async\" width=\"666\" height=\"1000\" data-id=\"4125\" src=\"https:\/\/vildart.cz\/wp-content\/uploads\/2025\/06\/87c340b2-540f-40b3-8d52-d4fba2f52457-1.jpeg\" alt=\"\" class=\"wp-image-4125\" srcset=\"https:\/\/vildart.cz\/wp-content\/uploads\/2025\/06\/87c340b2-540f-40b3-8d52-d4fba2f52457-1.jpeg 666w, https:\/\/vildart.cz\/wp-content\/uploads\/2025\/06\/87c340b2-540f-40b3-8d52-d4fba2f52457-1-200x300.jpeg 200w, https:\/\/vildart.cz\/wp-content\/uploads\/2025\/06\/87c340b2-540f-40b3-8d52-d4fba2f52457-1-8x12.jpeg 8w, https:\/\/vildart.cz\/wp-content\/uploads\/2025\/06\/87c340b2-540f-40b3-8d52-d4fba2f52457-1-600x901.jpeg 600w\" sizes=\"(max-width: 666px) 100vw, 666px\" \/><\/figure>\n\n\n\n<figure class=\"wp-block-image size-large\"><img decoding=\"async\" width=\"666\" height=\"1000\" data-id=\"4131\" src=\"https:\/\/vildart.cz\/wp-content\/uploads\/2025\/05\/5671f314-1eb8-4b59-a0d4-e22e16c6d6af.jpeg\" alt=\"\" class=\"wp-image-4131\" srcset=\"https:\/\/vildart.cz\/wp-content\/uploads\/2025\/05\/5671f314-1eb8-4b59-a0d4-e22e16c6d6af.jpeg 666w, https:\/\/vildart.cz\/wp-content\/uploads\/2025\/05\/5671f314-1eb8-4b59-a0d4-e22e16c6d6af-200x300.jpeg 200w, https:\/\/vildart.cz\/wp-content\/uploads\/2025\/05\/5671f314-1eb8-4b59-a0d4-e22e16c6d6af-8x12.jpeg 8w, https:\/\/vildart.cz\/wp-content\/uploads\/2025\/05\/5671f314-1eb8-4b59-a0d4-e22e16c6d6af-600x901.jpeg 600w\" sizes=\"(max-width: 666px) 100vw, 666px\" \/><\/figure>\n\n\n\n<figure class=\"wp-block-image size-large\"><img decoding=\"async\" width=\"750\" height=\"1000\" data-id=\"4123\" src=\"https:\/\/vildart.cz\/wp-content\/uploads\/2025\/06\/IMG_5493.jpeg\" alt=\"\" class=\"wp-image-4123\" srcset=\"https:\/\/vildart.cz\/wp-content\/uploads\/2025\/06\/IMG_5493.jpeg 750w, https:\/\/vildart.cz\/wp-content\/uploads\/2025\/06\/IMG_5493-225x300.jpeg 225w, https:\/\/vildart.cz\/wp-content\/uploads\/2025\/06\/IMG_5493-9x12.jpeg 9w, https:\/\/vildart.cz\/wp-content\/uploads\/2025\/06\/IMG_5493-600x800.jpeg 600w\" sizes=\"(max-width: 750px) 100vw, 750px\" \/><\/figure>\n<\/figure>\n\n\n\n<p><strong>Kde?<\/strong><\/p>\n\n\n\n<p>Vnitroblok \u2013 Praha, Hole\u0161ovice<\/p>\n\n\n\n<p><strong>Kdy?<\/strong><\/p>\n\n\n\n<p>25.7. a startujeme v 18:00&nbsp;<\/p>\n\n\n\n<p><strong>&nbsp;O co jde?<\/strong><\/p>\n\n\n\n<p><strong>Prodejn\u00ed v\u00fdstava obraz\u016f \u0160\u00e1rky Vildov\u00e9<\/strong><\/p>\n\n\n\n<p>P\u0159ij\u010fte si u\u017e\u00edt ve\u010der pln\u00fd um\u011bn\u00ed, barev a atmosf\u00e9ry. T\u011b\u0161\u00edme se, \u017ee s v\u00e1mi str\u00e1v\u00edme p\u0159\u00edjemn\u00fd \u010das, a\u0165 u\u017e jako s na\u0161imi dlouhodob\u00fdmi podporovateli nebo jako s t\u011bmi, kdo n\u00e1s teprve objevuj\u00ed.<\/p>\n\n\n\n<p><strong>Vstup?<\/strong><\/p>\n\n\n\n<p><strong>ZADARMO!<\/strong>&nbsp;Ano, vstup je zdarma \u2013 jedin\u00e1 v\u011bc, o kterou v\u00e1s pros\u00edme, je&nbsp;<strong>potvrzen\u00ed \u00fa\u010dasti a po\u010det vstup\u016f<\/strong>, a\u0165 v\u00edme, s kolika z v\u00e1s m\u016f\u017eeme po\u010d\u00edtat.<\/p>\n\n\n\n<p>\u010c\u00edm v\u00edc n\u00e1s bude, t\u00edm lep\u0161\u00ed atmosf\u00e9ra \u2013 vezm\u011bte p\u0159\u00e1tele, zn\u00e1m\u00e9, kohokoliv, koho by um\u011bn\u00ed mohlo oslovit.<\/p>\n\n\n\n<p>T\u011b\u0161\u00edme se na v\u00e1s!<\/p>\n\n\n\n<figure class=\"wp-block-image size-full\"><img loading=\"lazy\" decoding=\"async\" width=\"750\" height=\"1000\" src=\"https:\/\/vildart.cz\/wp-content\/uploads\/2025\/05\/IMG_6098.jpeg\" alt=\"\" class=\"wp-image-4134\" srcset=\"https:\/\/vildart.cz\/wp-content\/uploads\/2025\/05\/IMG_6098.jpeg 750w, https:\/\/vildart.cz\/wp-content\/uploads\/2025\/05\/IMG_6098-225x300.jpeg 225w, https:\/\/vildart.cz\/wp-content\/uploads\/2025\/05\/IMG_6098-9x12.jpeg 9w, https:\/\/vildart.cz\/wp-content\/uploads\/2025\/05\/IMG_6098-600x800.jpeg 600w\" sizes=\"(max-width: 750px) 100vw, 750px\" \/><\/figure>\n\n\n\n<p>Za Vild Art&nbsp;<br><strong>\u0160\u00e1rka &amp; Martin<\/strong>&nbsp;<\/p>","protected":false},"excerpt":{"rendered":"<p>Mil\u00ed p\u0159\u00e1tel\u00e9 a milovn\u00edci um\u011bn\u00ed, srde\u010dn\u011b v\u00e1s zveme na&nbsp;pravd\u011bpodobn\u011b na\u0161i posledn\u00ed v\u00fdstavu v \u010cesku \u2013 alespo\u0148 na n\u011bjakou dobu. D\u016fvod? Na\u0161e dal\u0161\u00ed kroky vedou za hranice \u2013&nbsp;\u010dek\u00e1 n\u00e1s Madrid, Pa\u0159\u00ed\u017e, New York\u2026&nbsp;a s t\u00edm i spousta p\u0159\u00edle\u017eitost\u00ed a nov\u00fdch v\u00fdzev. Rozhodli jsme se proto v\u011bnovat na\u0161i energii zahrani\u010dn\u00edm projekt\u016fm, ale z\u00e1rove\u0148 n\u00e1m p\u0159i\u0161lo f\u00e9r&nbsp;rozlou\u010dit se [&hellip;]<\/p>","protected":false},"author":4,"featured_media":4127,"comment_status":"closed","ping_status":"closed","sticky":false,"template":"","format":"standard","meta":{"footnotes":""},"categories":[39],"tags":[42,47,48,40,46,201],"class_list":["post-4119","post","type-post","status-publish","format-standard","has-post-thumbnail","hentry","category-vystavy-a-vernisaze","tag-abstraktni-obrazy","tag-obrazy-na-prodej","tag-originalni-obrazy","tag-vild-art","tag-volne-obrazy","tag-vystava-3"],"_links":{"self":[{"href":"https:\/\/vildart.cz\/en\/wp-json\/wp\/v2\/posts\/4119"}],"collection":[{"href":"https:\/\/vildart.cz\/en\/wp-json\/wp\/v2\/posts"}],"about":[{"href":"https:\/\/vildart.cz\/en\/wp-json\/wp\/v2\/types\/post"}],"author":[{"embeddable":true,"href":"https:\/\/vildart.cz\/en\/wp-json\/wp\/v2\/users\/4"}],"replies":[{"embeddable":true,"href":"https:\/\/vildart.cz\/en\/wp-json\/wp\/v2\/comments?post=4119"}],"version-history":[{"count":5,"href":"https:\/\/vildart.cz\/en\/wp-json\/wp\/v2\/posts\/4119\/revisions"}],"predecessor-version":[{"id":4136,"href":"https:\/\/vildart.cz\/en\/wp-json\/wp\/v2\/posts\/4119\/revisions\/4136"}],"wp:featuredmedia":[{"embeddable":true,"href":"https:\/\/vildart.cz\/en\/wp-json\/wp\/v2\/media\/4127"}],"wp:attachment":[{"href":"https:\/\/vildart.cz\/en\/wp-json\/wp\/v2\/media?parent=4119"}],"wp:term":[{"taxonomy":"category","embeddable":true,"href":"https:\/\/vildart.cz\/en\/wp-json\/wp\/v2\/categories?post=4119"},{"taxonomy":"post_tag","embeddable":true,"href":"https:\/\/vildart.cz\/en\/wp-json\/wp\/v2\/tags?post=4119"}],"curies":[{"name":"wp","href":"https:\/\/api.w.org\/{rel}","templated":true}]}}