{"id":4331,"date":"2025-09-05T09:45:03","date_gmt":"2025-09-05T07:45:03","guid":{"rendered":"https:\/\/vildart.cz\/?p=4331"},"modified":"2025-09-04T09:47:54","modified_gmt":"2025-09-04T07:47:54","slug":"vild-art-poprve-v-zahranici-vystava-v-recku","status":"publish","type":"post","link":"https:\/\/vildart.cz\/en\/vild-art-poprve-v-zahranici-vystava-v-recku\/","title":{"rendered":"Vild Art poprv\u00e9 v zahrani\u010d\u00ed \u2013 v\u00fdstava v \u0158ecku"},"content":{"rendered":"<figure class=\"wp-block-image size-full\"><img fetchpriority=\"high\" decoding=\"async\" width=\"788\" height=\"198\" src=\"https:\/\/vildart.cz\/wp-content\/uploads\/2025\/04\/background-only-letter.png\" alt=\"\" class=\"wp-image-4035\" srcset=\"https:\/\/vildart.cz\/wp-content\/uploads\/2025\/04\/background-only-letter.png 788w, https:\/\/vildart.cz\/wp-content\/uploads\/2025\/04\/background-only-letter-300x75.png 300w, https:\/\/vildart.cz\/wp-content\/uploads\/2025\/04\/background-only-letter-768x193.png 768w, https:\/\/vildart.cz\/wp-content\/uploads\/2025\/04\/background-only-letter-18x5.png 18w, https:\/\/vildart.cz\/wp-content\/uploads\/2025\/04\/background-only-letter-600x151.png 600w\" sizes=\"(max-width: 788px) 100vw, 788px\" \/><\/figure>\n\n\n\n<p>S pot\u011b\u0161en\u00edm oznamujeme, \u017ee se Vild Art p\u0159edstav\u00ed na sv\u00e9&nbsp;<strong>prvn\u00ed mezin\u00e1rodn\u00ed v\u00fdstav\u011b<\/strong>. Od&nbsp;<strong>27. do 30. z\u00e1\u0159\u00ed<\/strong>&nbsp;se z\u00fa\u010dastn\u00edme presti\u017en\u00ed akce&nbsp;<strong>World of Crete<\/strong>&nbsp;v \u0158ecku.<\/p>\n\n\n\n<p>Na t\u00e9to v\u00fdstav\u011b p\u0159edstav\u00edme&nbsp;<strong>p\u011bt origin\u00e1ln\u00edch obraz\u016f<\/strong>, kter\u00e9 budou dostupn\u00e9 jak jednotliv\u011b, tak i jako kompletn\u00ed s\u00e9rie. Jedn\u00e1 se o obrazy men\u0161\u00ed velikosti, a to 30&#215;40 cm. Z\u00e1jemci si budou moci po\u0159\u00eddit origin\u00e1l za cenu&nbsp;<strong>1000 \u20ac za obraz<\/strong>.<\/p>\n\n\n\n<p>V\u00fdstava World of Crete je pro n\u00e1s jedine\u010dnou p\u0159\u00edle\u017eitost\u00ed uk\u00e1zat na\u0161i tvorbu \u0161ir\u0161\u00edmu mezin\u00e1rodn\u00edmu publiku a z\u00e1rove\u0148 d\u016fle\u017eit\u00fdm krokem na cest\u011b Vild Art za hranice \u010cesk\u00e9 republiky.<\/p>\n\n\n\n<p>T\u011b\u0161\u00edme se na nov\u00e9 setk\u00e1n\u00ed, inspiraci a zku\u0161enosti, kter\u00e9 n\u00e1m tato ud\u00e1lost p\u0159inese.<\/p>","protected":false},"excerpt":{"rendered":"<p>S pot\u011b\u0161en\u00edm oznamujeme, \u017ee se Vild Art p\u0159edstav\u00ed na sv\u00e9&nbsp;prvn\u00ed mezin\u00e1rodn\u00ed v\u00fdstav\u011b. Od&nbsp;27. do 30. z\u00e1\u0159\u00ed&nbsp;se z\u00fa\u010dastn\u00edme presti\u017en\u00ed akce&nbsp;World of Crete&nbsp;v \u0158ecku. Na t\u00e9to v\u00fdstav\u011b p\u0159edstav\u00edme&nbsp;p\u011bt origin\u00e1ln\u00edch obraz\u016f, kter\u00e9 budou dostupn\u00e9 jak jednotliv\u011b, tak i jako kompletn\u00ed s\u00e9rie. Jedn\u00e1 se o obrazy men\u0161\u00ed velikosti, a to 30&#215;40 cm. Z\u00e1jemci si budou moci po\u0159\u00eddit origin\u00e1l za [&hellip;]<\/p>","protected":false},"author":4,"featured_media":4001,"comment_status":"closed","ping_status":"closed","sticky":false,"template":"","format":"standard","meta":{"footnotes":""},"categories":[1],"tags":[47,48,40,46,198,199],"class_list":["post-4331","post","type-post","status-publish","format-standard","has-post-thumbnail","hentry","category-aukce","tag-obrazy-na-prodej","tag-originalni-obrazy","tag-vild-art","tag-volne-obrazy","tag-vystava","tag-zahranicni-vystava"],"_links":{"self":[{"href":"https:\/\/vildart.cz\/en\/wp-json\/wp\/v2\/posts\/4331"}],"collection":[{"href":"https:\/\/vildart.cz\/en\/wp-json\/wp\/v2\/posts"}],"about":[{"href":"https:\/\/vildart.cz\/en\/wp-json\/wp\/v2\/types\/post"}],"author":[{"embeddable":true,"href":"https:\/\/vildart.cz\/en\/wp-json\/wp\/v2\/users\/4"}],"replies":[{"embeddable":true,"href":"https:\/\/vildart.cz\/en\/wp-json\/wp\/v2\/comments?post=4331"}],"version-history":[{"count":1,"href":"https:\/\/vildart.cz\/en\/wp-json\/wp\/v2\/posts\/4331\/revisions"}],"predecessor-version":[{"id":4332,"href":"https:\/\/vildart.cz\/en\/wp-json\/wp\/v2\/posts\/4331\/revisions\/4332"}],"wp:featuredmedia":[{"embeddable":true,"href":"https:\/\/vildart.cz\/en\/wp-json\/wp\/v2\/media\/4001"}],"wp:attachment":[{"href":"https:\/\/vildart.cz\/en\/wp-json\/wp\/v2\/media?parent=4331"}],"wp:term":[{"taxonomy":"category","embeddable":true,"href":"https:\/\/vildart.cz\/en\/wp-json\/wp\/v2\/categories?post=4331"},{"taxonomy":"post_tag","embeddable":true,"href":"https:\/\/vildart.cz\/en\/wp-json\/wp\/v2\/tags?post=4331"}],"curies":[{"name":"wp","href":"https:\/\/api.w.org\/{rel}","templated":true}]}}