{"id":4575,"date":"2026-02-09T09:07:46","date_gmt":"2026-02-09T07:07:46","guid":{"rendered":"https:\/\/vildart.cz\/?p=4575"},"modified":"2026-02-16T09:56:49","modified_gmt":"2026-02-16T07:56:49","slug":"vild-art-na-vystave-cross-roads-v-lisabonu","status":"publish","type":"post","link":"https:\/\/vildart.cz\/en\/vild-art-na-vystave-cross-roads-v-lisabonu\/","title":{"rendered":"Vild Art na v\u00fdstav\u011b Cross Roads v Lisabonu"},"content":{"rendered":"<p><\/p>\n\n\n\n<figure class=\"wp-block-gallery has-nested-images columns-default is-cropped wp-block-gallery-1 is-layout-flex wp-block-gallery-is-layout-flex\">\n<figure class=\"wp-block-image size-large\"><img fetchpriority=\"high\" decoding=\"async\" width=\"819\" height=\"1024\" data-id=\"4578\" src=\"https:\/\/vildart.cz\/wp-content\/uploads\/2026\/02\/ThePopUp-Lisbon-Edition-819x1024.png\" alt=\"\" class=\"wp-image-4578\" srcset=\"https:\/\/vildart.cz\/wp-content\/uploads\/2026\/02\/ThePopUp-Lisbon-Edition-819x1024.png 819w, https:\/\/vildart.cz\/wp-content\/uploads\/2026\/02\/ThePopUp-Lisbon-Edition-240x300.png 240w, https:\/\/vildart.cz\/wp-content\/uploads\/2026\/02\/ThePopUp-Lisbon-Edition-768x960.png 768w, https:\/\/vildart.cz\/wp-content\/uploads\/2026\/02\/ThePopUp-Lisbon-Edition-10x12.png 10w, https:\/\/vildart.cz\/wp-content\/uploads\/2026\/02\/ThePopUp-Lisbon-Edition-600x750.png 600w, https:\/\/vildart.cz\/wp-content\/uploads\/2026\/02\/ThePopUp-Lisbon-Edition.png 1080w\" sizes=\"(max-width: 819px) 100vw, 819px\" \/><\/figure>\n<\/figure>\n\n\n\n<p>Na ja\u0159e 2026 se na\u0161e cesta posune o dal\u0161\u00ed kus d\u00e1l \u2014 tentokr\u00e1t do&nbsp;<strong>Lisabonu<\/strong>.<br>Ve dnech&nbsp;<strong>21.\u201326. b\u0159ezna 2026<\/strong>&nbsp;se Vild Art p\u0159edstav\u00ed na v\u00fdstav\u011b&nbsp;<strong>Cross Roads<\/strong>, kter\u00e1 se odehraje p\u0159\u00edmo v centru m\u011bsta.<\/p>\n\n\n\n<p>Lisabon m\u00e1me spojen\u00fd s lehkost\u00ed, sv\u011btlem a klidem, kter\u00fd dok\u00e1\u017ee existovat i uprost\u0159ed ru\u0161n\u00e9ho m\u011bsta. A p\u0159esn\u011b takov\u00fd pocit chceme p\u0159en\u00e9st i do t\u00e9to v\u00fdstavy.<\/p>\n\n\n\n<p><strong>\u010cty\u0159i obrazy, jeden prostor<\/strong><\/p>\n\n\n\n<p>Na v\u00fdstav\u011b p\u0159edstav\u00edme&nbsp;<strong>\u010dty\u0159i origin\u00e1ln\u00ed obrazy<\/strong>, kter\u00e9 budou sou\u010d\u00e1st\u00ed citliv\u011b vybran\u00e9ho prostoru \u2014 m\u00edsta, kde se sou\u010dasn\u00e9 um\u011bn\u00ed p\u0159irozen\u011b potk\u00e1v\u00e1 s architekturou, ani\u017e by jedno p\u0159ehlu\u0161ovalo druh\u00e9.<\/p>\n\n\n\n<p>Nejde o velk\u00e1 gesta ani o p\u0159ehlcen\u00ed. Sp\u00ed\u0161 o moment zastaven\u00ed, o tich\u00fd dialog mezi obrazem, prostorem a t\u00edm, kdo se rozhodne se opravdu d\u00edvat.<\/p>\n\n\n\n<p><strong>Kam m\u00ed\u0159\u00ed na\u0161e kroky<\/strong><\/p>\n\n\n\n<p>V\u00fdstava Cross Roads je pro n\u00e1s dal\u0161\u00edm d\u016fle\u017eit\u00fdm bodem na map\u011b evropsk\u00fdch v\u00fdstav. Nejen jako m\u00edsto, kde vystavujeme, ale jako zku\u0161enost \u2014 setk\u00e1n\u00ed, rozhovory, nov\u00e9 souvislosti.<\/p>\n\n\n\n<p>T\u011b\u0161\u00edme se, \u017ee Lisabon bude jednou z t\u011bch zast\u00e1vek, kter\u00e9 d\u00e1vaj\u00ed smysl nejen profesn\u011b, ale i lidsky.<\/p>\n\n\n\n<figure class=\"wp-block-gallery has-nested-images columns-default is-cropped wp-block-gallery-2 is-layout-flex wp-block-gallery-is-layout-flex\">\n<figure class=\"wp-block-image size-large\"><img decoding=\"async\" width=\"796\" height=\"1024\" data-id=\"4530\" src=\"https:\/\/vildart.cz\/wp-content\/uploads\/2025\/10\/05_nech-to-byt-30x40-cm-kopie_35x45-cm-vcetne-ramu05_nech-to-byt-30x40-cm-kopie-1-796x1024.jpg\" alt=\"\" class=\"wp-image-4530\" srcset=\"https:\/\/vildart.cz\/wp-content\/uploads\/2025\/10\/05_nech-to-byt-30x40-cm-kopie_35x45-cm-vcetne-ramu05_nech-to-byt-30x40-cm-kopie-1-796x1024.jpg 796w, https:\/\/vildart.cz\/wp-content\/uploads\/2025\/10\/05_nech-to-byt-30x40-cm-kopie_35x45-cm-vcetne-ramu05_nech-to-byt-30x40-cm-kopie-1-233x300.jpg 233w, https:\/\/vildart.cz\/wp-content\/uploads\/2025\/10\/05_nech-to-byt-30x40-cm-kopie_35x45-cm-vcetne-ramu05_nech-to-byt-30x40-cm-kopie-1-768x988.jpg 768w, https:\/\/vildart.cz\/wp-content\/uploads\/2025\/10\/05_nech-to-byt-30x40-cm-kopie_35x45-cm-vcetne-ramu05_nech-to-byt-30x40-cm-kopie-1-1194x1536.jpg 1194w, https:\/\/vildart.cz\/wp-content\/uploads\/2025\/10\/05_nech-to-byt-30x40-cm-kopie_35x45-cm-vcetne-ramu05_nech-to-byt-30x40-cm-kopie-1-9x12.jpg 9w, https:\/\/vildart.cz\/wp-content\/uploads\/2025\/10\/05_nech-to-byt-30x40-cm-kopie_35x45-cm-vcetne-ramu05_nech-to-byt-30x40-cm-kopie-1-1200x1543.jpg 1200w, https:\/\/vildart.cz\/wp-content\/uploads\/2025\/10\/05_nech-to-byt-30x40-cm-kopie_35x45-cm-vcetne-ramu05_nech-to-byt-30x40-cm-kopie-1-600x772.jpg 600w, https:\/\/vildart.cz\/wp-content\/uploads\/2025\/10\/05_nech-to-byt-30x40-cm-kopie_35x45-cm-vcetne-ramu05_nech-to-byt-30x40-cm-kopie-1.jpg 1493w\" sizes=\"(max-width: 796px) 100vw, 796px\" \/><\/figure>\n\n\n\n<figure class=\"wp-block-image size-large\"><img decoding=\"async\" width=\"796\" height=\"1024\" data-id=\"4527\" src=\"https:\/\/vildart.cz\/wp-content\/uploads\/2025\/10\/01_tam-v-tichu-30x40-cm-kopie_35x45-cm-vcetne-ramu01_tam-v-tichu-30x40-cm-kopie-1-796x1024.jpg\" alt=\"\" class=\"wp-image-4527\" srcset=\"https:\/\/vildart.cz\/wp-content\/uploads\/2025\/10\/01_tam-v-tichu-30x40-cm-kopie_35x45-cm-vcetne-ramu01_tam-v-tichu-30x40-cm-kopie-1-796x1024.jpg 796w, https:\/\/vildart.cz\/wp-content\/uploads\/2025\/10\/01_tam-v-tichu-30x40-cm-kopie_35x45-cm-vcetne-ramu01_tam-v-tichu-30x40-cm-kopie-1-233x300.jpg 233w, https:\/\/vildart.cz\/wp-content\/uploads\/2025\/10\/01_tam-v-tichu-30x40-cm-kopie_35x45-cm-vcetne-ramu01_tam-v-tichu-30x40-cm-kopie-1-768x988.jpg 768w, https:\/\/vildart.cz\/wp-content\/uploads\/2025\/10\/01_tam-v-tichu-30x40-cm-kopie_35x45-cm-vcetne-ramu01_tam-v-tichu-30x40-cm-kopie-1-1194x1536.jpg 1194w, https:\/\/vildart.cz\/wp-content\/uploads\/2025\/10\/01_tam-v-tichu-30x40-cm-kopie_35x45-cm-vcetne-ramu01_tam-v-tichu-30x40-cm-kopie-1-9x12.jpg 9w, https:\/\/vildart.cz\/wp-content\/uploads\/2025\/10\/01_tam-v-tichu-30x40-cm-kopie_35x45-cm-vcetne-ramu01_tam-v-tichu-30x40-cm-kopie-1-1200x1543.jpg 1200w, https:\/\/vildart.cz\/wp-content\/uploads\/2025\/10\/01_tam-v-tichu-30x40-cm-kopie_35x45-cm-vcetne-ramu01_tam-v-tichu-30x40-cm-kopie-1-600x772.jpg 600w, https:\/\/vildart.cz\/wp-content\/uploads\/2025\/10\/01_tam-v-tichu-30x40-cm-kopie_35x45-cm-vcetne-ramu01_tam-v-tichu-30x40-cm-kopie-1.jpg 1493w\" sizes=\"(max-width: 796px) 100vw, 796px\" \/><\/figure>\n\n\n\n<figure class=\"wp-block-image size-large\"><img loading=\"lazy\" decoding=\"async\" width=\"796\" height=\"1024\" data-id=\"4528\" src=\"https:\/\/vildart.cz\/wp-content\/uploads\/2025\/10\/02_neco-v-tobe-cekalo-30x40-cm-kopie_35x45-cm-vcetne-ramu02_neco-v-tobe-cekalo-30x40-cm-kopie-1-796x1024.jpg\" alt=\"\" class=\"wp-image-4528\" srcset=\"https:\/\/vildart.cz\/wp-content\/uploads\/2025\/10\/02_neco-v-tobe-cekalo-30x40-cm-kopie_35x45-cm-vcetne-ramu02_neco-v-tobe-cekalo-30x40-cm-kopie-1-796x1024.jpg 796w, https:\/\/vildart.cz\/wp-content\/uploads\/2025\/10\/02_neco-v-tobe-cekalo-30x40-cm-kopie_35x45-cm-vcetne-ramu02_neco-v-tobe-cekalo-30x40-cm-kopie-1-233x300.jpg 233w, https:\/\/vildart.cz\/wp-content\/uploads\/2025\/10\/02_neco-v-tobe-cekalo-30x40-cm-kopie_35x45-cm-vcetne-ramu02_neco-v-tobe-cekalo-30x40-cm-kopie-1-768x988.jpg 768w, https:\/\/vildart.cz\/wp-content\/uploads\/2025\/10\/02_neco-v-tobe-cekalo-30x40-cm-kopie_35x45-cm-vcetne-ramu02_neco-v-tobe-cekalo-30x40-cm-kopie-1-1194x1536.jpg 1194w, https:\/\/vildart.cz\/wp-content\/uploads\/2025\/10\/02_neco-v-tobe-cekalo-30x40-cm-kopie_35x45-cm-vcetne-ramu02_neco-v-tobe-cekalo-30x40-cm-kopie-1-9x12.jpg 9w, https:\/\/vildart.cz\/wp-content\/uploads\/2025\/10\/02_neco-v-tobe-cekalo-30x40-cm-kopie_35x45-cm-vcetne-ramu02_neco-v-tobe-cekalo-30x40-cm-kopie-1-1200x1543.jpg 1200w, https:\/\/vildart.cz\/wp-content\/uploads\/2025\/10\/02_neco-v-tobe-cekalo-30x40-cm-kopie_35x45-cm-vcetne-ramu02_neco-v-tobe-cekalo-30x40-cm-kopie-1-600x772.jpg 600w, https:\/\/vildart.cz\/wp-content\/uploads\/2025\/10\/02_neco-v-tobe-cekalo-30x40-cm-kopie_35x45-cm-vcetne-ramu02_neco-v-tobe-cekalo-30x40-cm-kopie-1.jpg 1493w\" sizes=\"(max-width: 796px) 100vw, 796px\" \/><\/figure>\n\n\n\n<figure class=\"wp-block-image size-large\"><img loading=\"lazy\" decoding=\"async\" width=\"796\" height=\"1024\" data-id=\"4529\" src=\"https:\/\/vildart.cz\/wp-content\/uploads\/2025\/10\/03_pamet-duse-30x40-cm-kopie_35x45-cm-vcetne-ramu03_pamet-duse-30x40-cm-kopie-1-796x1024.jpg\" alt=\"\" class=\"wp-image-4529\" srcset=\"https:\/\/vildart.cz\/wp-content\/uploads\/2025\/10\/03_pamet-duse-30x40-cm-kopie_35x45-cm-vcetne-ramu03_pamet-duse-30x40-cm-kopie-1-796x1024.jpg 796w, https:\/\/vildart.cz\/wp-content\/uploads\/2025\/10\/03_pamet-duse-30x40-cm-kopie_35x45-cm-vcetne-ramu03_pamet-duse-30x40-cm-kopie-1-233x300.jpg 233w, https:\/\/vildart.cz\/wp-content\/uploads\/2025\/10\/03_pamet-duse-30x40-cm-kopie_35x45-cm-vcetne-ramu03_pamet-duse-30x40-cm-kopie-1-768x988.jpg 768w, https:\/\/vildart.cz\/wp-content\/uploads\/2025\/10\/03_pamet-duse-30x40-cm-kopie_35x45-cm-vcetne-ramu03_pamet-duse-30x40-cm-kopie-1-1194x1536.jpg 1194w, https:\/\/vildart.cz\/wp-content\/uploads\/2025\/10\/03_pamet-duse-30x40-cm-kopie_35x45-cm-vcetne-ramu03_pamet-duse-30x40-cm-kopie-1-9x12.jpg 9w, https:\/\/vildart.cz\/wp-content\/uploads\/2025\/10\/03_pamet-duse-30x40-cm-kopie_35x45-cm-vcetne-ramu03_pamet-duse-30x40-cm-kopie-1-1200x1543.jpg 1200w, https:\/\/vildart.cz\/wp-content\/uploads\/2025\/10\/03_pamet-duse-30x40-cm-kopie_35x45-cm-vcetne-ramu03_pamet-duse-30x40-cm-kopie-1-600x772.jpg 600w, https:\/\/vildart.cz\/wp-content\/uploads\/2025\/10\/03_pamet-duse-30x40-cm-kopie_35x45-cm-vcetne-ramu03_pamet-duse-30x40-cm-kopie-1.jpg 1493w\" sizes=\"(max-width: 796px) 100vw, 796px\" \/><\/figure>\n<\/figure>\n\n\n\n<p><\/p>","protected":false},"excerpt":{"rendered":"<p>Na ja\u0159e 2026 se na\u0161e cesta posune o dal\u0161\u00ed kus d\u00e1l \u2014 tentokr\u00e1t do&nbsp;Lisabonu.Ve dnech&nbsp;21.\u201326. b\u0159ezna 2026&nbsp;se Vild Art p\u0159edstav\u00ed na v\u00fdstav\u011b&nbsp;Cross Roads, kter\u00e1 se odehraje p\u0159\u00edmo v centru m\u011bsta. Lisabon m\u00e1me spojen\u00fd s lehkost\u00ed, sv\u011btlem a klidem, kter\u00fd dok\u00e1\u017ee existovat i uprost\u0159ed ru\u0161n\u00e9ho m\u011bsta. A p\u0159esn\u011b takov\u00fd pocit chceme p\u0159en\u00e9st i do t\u00e9to v\u00fdstavy. [&hellip;]<\/p>","protected":false},"author":4,"featured_media":4576,"comment_status":"closed","ping_status":"closed","sticky":false,"template":"","format":"standard","meta":{"footnotes":""},"categories":[39],"tags":[42,48,40,198],"class_list":["post-4575","post","type-post","status-publish","format-standard","has-post-thumbnail","hentry","category-vystavy-a-vernisaze","tag-abstraktni-obrazy","tag-originalni-obrazy","tag-vild-art","tag-vystava"],"_links":{"self":[{"href":"https:\/\/vildart.cz\/en\/wp-json\/wp\/v2\/posts\/4575"}],"collection":[{"href":"https:\/\/vildart.cz\/en\/wp-json\/wp\/v2\/posts"}],"about":[{"href":"https:\/\/vildart.cz\/en\/wp-json\/wp\/v2\/types\/post"}],"author":[{"embeddable":true,"href":"https:\/\/vildart.cz\/en\/wp-json\/wp\/v2\/users\/4"}],"replies":[{"embeddable":true,"href":"https:\/\/vildart.cz\/en\/wp-json\/wp\/v2\/comments?post=4575"}],"version-history":[{"count":2,"href":"https:\/\/vildart.cz\/en\/wp-json\/wp\/v2\/posts\/4575\/revisions"}],"predecessor-version":[{"id":4579,"href":"https:\/\/vildart.cz\/en\/wp-json\/wp\/v2\/posts\/4575\/revisions\/4579"}],"wp:featuredmedia":[{"embeddable":true,"href":"https:\/\/vildart.cz\/en\/wp-json\/wp\/v2\/media\/4576"}],"wp:attachment":[{"href":"https:\/\/vildart.cz\/en\/wp-json\/wp\/v2\/media?parent=4575"}],"wp:term":[{"taxonomy":"category","embeddable":true,"href":"https:\/\/vildart.cz\/en\/wp-json\/wp\/v2\/categories?post=4575"},{"taxonomy":"post_tag","embeddable":true,"href":"https:\/\/vildart.cz\/en\/wp-json\/wp\/v2\/tags?post=4575"}],"curies":[{"name":"wp","href":"https:\/\/api.w.org\/{rel}","templated":true}]}}