{"id":755,"date":"2022-05-02T17:29:35","date_gmt":"2022-05-02T15:29:35","guid":{"rendered":"https:\/\/vildart.cz\/?p=755"},"modified":"2023-11-15T11:26:33","modified_gmt":"2023-11-15T09:26:33","slug":"vernisaz","status":"publish","type":"post","link":"https:\/\/vildart.cz\/en\/vernisaz\/","title":{"rendered":"Vernis\u00e1\u017e"},"content":{"rendered":"<h2 class=\"wp-block-heading\" style=\"font-size:38px;line-height:1.4\"><strong>5.5. &#8211; 6.6.2022 Rock Caf\u00e9 Prague<\/strong><\/h2>\n\n\n\n<div class=\"wp-block-columns is-layout-flex wp-container-core-columns-is-layout-1 wp-block-columns-is-layout-flex\">\n<div class=\"wp-block-column is-layout-flow wp-block-column-is-layout-flow\">\n<p style=\"font-size:18px\">Vernis\u00e1\u017e prob\u011bhne 5.5.2022 od 18:00 a zah\u00e1j\u00ed ji Orion a Vegy se sv\u00fdm DJ setem.<\/p>\n\n\n\n<p style=\"font-size:18px\"><br>V\u00fdstava \u017divel p\u0159edstavuje \u0159adu t\u0159in\u00e1cti nov\u00fdch obraz\u016f, kter\u00e9 budou v prostor\u00e1ch Rock Caf\u00e9 vystaveny od 5.5.2022 do 6.6.2022. Z cel\u00e9 s\u00e9rie bude 12 obraz\u016f nab\u00eddnuto k prodeji ihned na m\u00edst\u011b, z toho 11 s pevnou cenou a jeden formou aukce. Posledn\u00ed, 13 obraz je z\u00e1rove\u0148 jubilejn\u00edm 100 obrazem tvroby Vild Art a bude nab\u00eddnut k prodeji pouze formou online.<\/p>\n\n\n\n<p style=\"font-size:18px\"><br>Hlavn\u00ed my\u0161lenkou v\u00fdstavy je abstraktn\u00ed vyobrazen\u00ed p\u0159\u00edrodn\u00edch \u017eivl\u016f voda, ohe\u0148, zem\u011b a vzduch. Autorka v\u00fdstavy c\u00edl\u00ed na temperament ka\u017ed\u00e9ho jednotlivce a probouz\u00ed v nich jejich nitern\u00e9 touhy.<br>Jedn\u00e1 se o soubor obraz\u016f s rozmanitou barevnou \u0161k\u00e1lou a v\u00fdraznou reli\u00e9fn\u00ed strukturou. K vid\u011bn\u00ed bude akrylov\u00e1 malba na pl\u00e1tn\u011b v kombinaci s r\u016fznorod\u00fdmi technikami. <\/p>\n<\/div>\n\n\n\n<div class=\"wp-block-column is-layout-flow wp-block-column-is-layout-flow\">\n<p style=\"font-size:18px\">Autor\u010dina experiment\u00e1ln\u00ed tvorba vych\u00e1z\u00ed zejm\u00e9na z abstraktn\u00edho expresionismu, kdy klade velk\u00fd d\u016fraz na detail, a proto se m\u016f\u017eete t\u011b\u0161it na neot\u0159elost, \u017eivost a jedine\u010dnost obraz\u016f. Prodej origin\u00e1ln\u00edch d\u011bl, bude prob\u00edhat tak\u00e9 v digit\u00e1ln\u00ed form\u011b NFT.<br>\u0160\u00e1rka Vildov\u00e1 je \u010desk\u00e1 mal\u00ed\u0159ka p\u016fvodem z jiho\u010desk\u00e9ho T\u00e1bora. Je absolventkou SUP\u0160 Bechyn\u011b a t\u0159\u00edlet\u00e9ho studia na Jiho\u010desk\u00e9 univerzit\u011b, pedagogick\u00e9 fakult\u011b s v\u00fdtvarn\u00fdm zam\u011b\u0159en\u00edm. V sou\u010dasnosti tvo\u0159\u00ed jako jedin\u00e1 um\u011blkyn\u011b pod zna\u010dkou Vild Art, kterou vybudovala spole\u010dn\u011b se sv\u00fdm man\u017eelem Martinem Vildem. Vild Art se zam\u011b\u0159uje na ryze abstraktn\u00ed volnou tvorbu a priv\u00e1tn\u00ed um\u011bn\u00ed. V\u00edce ne\u017e 200 kus\u016f d\u011bl je v sou\u010dasn\u00e9 dob\u011b v soukrom\u00fdch sb\u00edrk\u00e1ch. Ka\u017edoro\u010dn\u011b v\u011bnuj\u00ed v\u00fdt\u011b\u017eek z auk\u010dn\u011b prodan\u00fdch obraz\u016f na charitativn\u00ed \u00fa\u010dely.<\/p>\n\n\n\n<p style=\"font-size:18px\"><br>V\u0161echna pl\u00e1tna jsou malov\u00e1na technikou akrylov\u00fdch barev v kombinaci se strukturovac\u00ed pastou.<br>Rozm\u011br: 90 x 110 cm<\/p>\n<\/div>\n<\/div>","protected":false},"excerpt":{"rendered":"<p>5.5. &#8211; 6.6.2022 Rock Caf\u00e9 Prague Vernis\u00e1\u017e prob\u011bhne 5.5.2022 od 18:00 a zah\u00e1j\u00ed ji Orion a Vegy se sv\u00fdm DJ setem. V\u00fdstava \u017divel p\u0159edstavuje \u0159adu t\u0159in\u00e1cti nov\u00fdch obraz\u016f, kter\u00e9 budou v prostor\u00e1ch Rock Caf\u00e9 vystaveny od 5.5.2022 do 6.6.2022. Z cel\u00e9 s\u00e9rie bude 12 obraz\u016f nab\u00eddnuto k prodeji ihned na m\u00edst\u011b, z toho 11 s [&hellip;]<\/p>","protected":false},"author":1,"featured_media":757,"comment_status":"closed","ping_status":"closed","sticky":false,"template":"","format":"standard","meta":{"footnotes":""},"categories":[58,39],"tags":[42,45,44,47,48,41,40,46],"class_list":["post-755","post","type-post","status-publish","format-standard","has-post-thumbnail","hentry","category-blog-en","category-vystavy-a-vernisaze","tag-abstraktni-obrazy","tag-aukce-obrazu","tag-nft-obrazy","tag-obrazy-na-prodej","tag-originalni-obrazy","tag-vernisaz","tag-vild-art","tag-volne-obrazy"],"_links":{"self":[{"href":"https:\/\/vildart.cz\/en\/wp-json\/wp\/v2\/posts\/755"}],"collection":[{"href":"https:\/\/vildart.cz\/en\/wp-json\/wp\/v2\/posts"}],"about":[{"href":"https:\/\/vildart.cz\/en\/wp-json\/wp\/v2\/types\/post"}],"author":[{"embeddable":true,"href":"https:\/\/vildart.cz\/en\/wp-json\/wp\/v2\/users\/1"}],"replies":[{"embeddable":true,"href":"https:\/\/vildart.cz\/en\/wp-json\/wp\/v2\/comments?post=755"}],"version-history":[{"count":2,"href":"https:\/\/vildart.cz\/en\/wp-json\/wp\/v2\/posts\/755\/revisions"}],"predecessor-version":[{"id":3017,"href":"https:\/\/vildart.cz\/en\/wp-json\/wp\/v2\/posts\/755\/revisions\/3017"}],"wp:featuredmedia":[{"embeddable":true,"href":"https:\/\/vildart.cz\/en\/wp-json\/wp\/v2\/media\/757"}],"wp:attachment":[{"href":"https:\/\/vildart.cz\/en\/wp-json\/wp\/v2\/media?parent=755"}],"wp:term":[{"taxonomy":"category","embeddable":true,"href":"https:\/\/vildart.cz\/en\/wp-json\/wp\/v2\/categories?post=755"},{"taxonomy":"post_tag","embeddable":true,"href":"https:\/\/vildart.cz\/en\/wp-json\/wp\/v2\/tags?post=755"}],"curies":[{"name":"wp","href":"https:\/\/api.w.org\/{rel}","templated":true}]}}